{"id":7856,"date":"2025-10-20T09:13:14","date_gmt":"2025-10-20T09:13:14","guid":{"rendered":"https:\/\/ibegegroup.com\/?p=7856"},"modified":"2025-10-20T09:21:56","modified_gmt":"2025-10-20T09:21:56","slug":"yeni-baskan-ibrahim-bozan","status":"publish","type":"post","link":"https:\/\/ibegegroup.com\/en\/yeni-baskan-ibrahim-bozan\/","title":{"rendered":"Yeni Ba\u015fkan: \u0130brahim Bozan"},"content":{"rendered":"<p>Sar\u0131yer Spor Kul\u00fcb\u00fc&#8217;nde ger\u00e7ekle\u015ftirilen kongrede \u0130brahim Bozan ba\u015fkanl\u0131\u011fa se\u00e7ildi.<\/p>\n\n\n\n<p>Sar\u0131yer Spor Kul\u00fcb\u00fc\u2019n\u00fcn 2008\u20132009 ola\u011fan Genel Kurul toplant\u0131s\u0131 yap\u0131ld\u0131. Kul\u00fcp binas\u0131nda ger\u00e7ekle\u015ftirilen toplant\u0131da CHP \u0130l Genel Meclis \u00dcyesi \u0130brahim Bozan Sar\u0131yer\u2019in yeni ba\u015fkan\u0131 se\u00e7ildi. Ba\u015fkan se\u00e7ildikten sonra k\u00fcr\u00fcyse \u00e7\u0131kan Bozan, \u201cSar\u0131yer i\u00e7in beyaz bir sayfa a\u00e7\u0131yoruz. Bizi izleyin\u201d dedi.<\/p>\n\n\n\n<p>Mustafa Hepan\u0131l\u2019\u0131n yeniden aday olmad\u0131\u011f\u0131 Genel Kurul\u2019da \u0130brahim Bozan ba\u015fkanl\u0131\u011f\u0131nda tek liste \u00e7\u0131kt\u0131. Hepan\u0131l y\u00f6netiminin \u00e7al\u0131\u015fmalar\u0131n\u0131n ibra edilmesinden sonra Hepan\u0131l ve baz\u0131 \u00fcyeler s\u00f6z ald\u0131. Hepan\u0131l, yakla\u015f\u0131k 8 ay \u00f6nce g\u00f6revi devrald\u0131\u011f\u0131n\u0131, bu g\u00f6revde onur ve \u015ferefle \u00e7al\u0131\u015ft\u0131\u011f\u0131n\u0131 belirterek. \u201cKul\u00fcb\u00fc s\u0131k\u0131nt\u0131l\u0131 bir d\u00f6nemde ald\u0131k. S\u0131k\u0131nt\u0131lar\u0131m\u0131z\u0131 a\u015fmak i\u00e7in u\u011fra\u015ft\u0131k. 2. lig grubunda k\u00fcme d\u00fc\u015fmemeye \u00e7al\u0131\u015ft\u0131k. Bu bana g\u00f6re ba\u015far\u0131 de\u011fildir. Ba\u015far\u0131n\u0131n s\u00fcrekli belli bir plan ve projeye ba\u011fl\u0131 olmadan elde edilmesi m\u00fcmk\u00fcn de\u011fildir\u201ddedi.<\/p>\n\n\n\n<p>Toplant\u0131 devam ederken CHP \u0130stanbul Milletvekili \u00c7etin Soysal ve Sar\u0131yer Belediye Ba\u015fkan\u0131 \u015e\u00fckr\u00fc Gen\u00e7\u2019te salona geldiler.&nbsp; K\u0131sa bir konu\u015fma yapan, \u00c7etin Soysal, \u201cSar\u0131yer \u0130stanbul\u2019un incisi bir yer. Burada yerel y\u00f6netimin \u00e7ok iyi i\u015fler yapaca\u011f\u0131na inan\u0131yorum. Sar\u0131yer Spor Kul\u00fcb\u00fc\u2019ne de faydal\u0131 olaca\u011f\u0131n\u0131 d\u00fc\u015f\u00fcn\u00fcyorum\u201d dedi. Ba\u015fkan \u015e\u00fckr\u00fc Gen\u00e7 ise, \u201cSar\u0131yer\u2019de m\u00fclkiyet problemi ne ise Sar\u0131yer Spor Kul\u00fcb\u00fc\u2019n\u00fcn sorunlar\u0131 da bizim i\u00e7in odur. Sar\u0131yer Spor Kul\u00fcb\u00fc\u2019ne sahip \u00e7\u0131kmak zorunday\u0131z. Kal\u0131c\u0131 ba\u015far\u0131 i\u00e7in olmas\u0131 gerekenlerin alt yap\u0131s\u0131n\u0131 olu\u015fturmal\u0131y\u0131z\u201d dedi.<\/p>\n\n\n\n<figure class=\"wp-block-table\"><table class=\"has-fixed-layout\"><tbody><tr><td><strong>Y\u00f6netim Kurulu Asil \u00dcyeleri<\/strong><br>1- Engin&nbsp;&nbsp;Ke\u00e7eli<br>2- Ahmet Kutlu<br>3- Fergan Gen\u00e7<br>4- Nurettin \u00c7etinkaya<br>5- Erol Ayd\u0131n<br>6- O\u011fuz G\u00fcney<br>7- Ali Ergen\u00e7<br>8- Cemal Afacan<br>9- Erdo\u011fan Y\u0131ld\u0131z<br>10- Necati Y\u0131ld\u0131r\u0131m<br>11- Hakan \u015eeng\u00fcl<br>12- \u00c7a\u011fr\u0131 Balban<br>13- Mehmet Ali Aslan<br>14- \u00d6zcan Sad\u0131\u00e7<br>15- Adem Esg\u00fcn<br>16- Cemal Do\u011fan<br>17- \u0130lker Altun<br>18- Metin Albayrak<br>19- Fikret Kaya<br>20- Serkan Torun<br><br><strong>Denetleme Kurulu Asil \u00dcyeleri<\/strong><br>1- Atalay Kaban<br>2- Oktay Do\u011fan<br>3- Fatih Sultan Mehmet K\u0131l\u0131\u00e7<\/td><td><strong>Y\u00f6netim Kurulu Yedek \u00dcyeleri<\/strong><br>1- Nusret Ali \u00c7\u0131nar<br>2- Serkan Ersoy<br>3- R\u0131fk\u0131 Soysal<br>4- Erol Acun<br>5- K\u0131van\u00e7 Ekinci<br>6- Erdo\u011fan Alpdo\u011fan<br>7- Murat K\u0131ran<br>8- Murat Kutur<br>9- Yusuf Dalg\u0131\u00e7<br>10- Arif Y\u0131ld\u0131z<br>11- Arif Odaba\u015f\u0131<br>12- \u0130smet K\u00f6seo\u011flu<br>13- Nebi G\u00fcnindi<br>14- Turgut \u00d6zarslan<br>15- Erhan \u00d6zarslan<br>16- Y\u0131ld\u0131ray K\u0131ran<br>17- Ahmet \u00c7\u0131nar<br>18- Ali K\u00f6kl\u00fcer<br>19- Enver Hendem<br>20- Semih Kandemir<br><br><strong>Denetleme Kurulu Yedek \u00dcyeleri<\/strong><br>1- Suat Uysallar<br>2- Mustafa P\u0131rnal<br>3- Sami G\u00fcng\u00f6r<\/td><\/tr><\/tbody><\/table><\/figure>\n\n\n\n<p><strong>TFF Delegesi:<\/strong>&nbsp;\u0130brahim Bozan<br><strong>Amat\u00f6r Futbol Birli\u011fi Delegeleri:<\/strong>&nbsp;Murat Kutur, Serkan Ersoy, Nebi G\u00fcnindi<\/p>","protected":false},"excerpt":{"rendered":"<p>Sar\u0131yer Spor Kul\u00fcb\u00fc&#8217;nde ger\u00e7ekle\u015ftirilen kongrede \u0130brahim Bozan ba\u015fkanl\u0131\u011fa se\u00e7ildi. Sar\u0131yer Spor Kul\u00fcb\u00fc\u2019n\u00fcn 2008\u20132009 ola\u011fan Genel Kurul toplant\u0131s\u0131 yap\u0131ld\u0131. Kul\u00fcp binas\u0131nda ger\u00e7ekle\u015ftirilen toplant\u0131da CHP \u0130l Genel Meclis \u00dcyesi \u0130brahim Bozan Sar\u0131yer\u2019in yeni ba\u015fkan\u0131 se\u00e7ildi. Ba\u015fkan se\u00e7ildikten sonra k\u00fcr\u00fcyse \u00e7\u0131kan Bozan, \u201cSar\u0131yer i\u00e7in beyaz bir sayfa a\u00e7\u0131yoruz. Bizi izleyin\u201d dedi. Mustafa Hepan\u0131l\u2019\u0131n yeniden aday olmad\u0131\u011f\u0131 Genel Kurul\u2019da [&hellip;]<\/p>","protected":false},"author":1,"featured_media":7857,"comment_status":"closed","ping_status":"open","sticky":false,"template":"","format":"standard","meta":{"footnotes":""},"categories":[1],"tags":[],"class_list":["post-7856","post","type-post","status-publish","format-standard","has-post-thumbnail","hentry","category-haberler"],"_links":{"self":[{"href":"https:\/\/ibegegroup.com\/en\/wp-json\/wp\/v2\/posts\/7856","targetHints":{"allow":["GET"]}}],"collection":[{"href":"https:\/\/ibegegroup.com\/en\/wp-json\/wp\/v2\/posts"}],"about":[{"href":"https:\/\/ibegegroup.com\/en\/wp-json\/wp\/v2\/types\/post"}],"author":[{"embeddable":true,"href":"https:\/\/ibegegroup.com\/en\/wp-json\/wp\/v2\/users\/1"}],"replies":[{"embeddable":true,"href":"https:\/\/ibegegroup.com\/en\/wp-json\/wp\/v2\/comments?post=7856"}],"version-history":[{"count":1,"href":"https:\/\/ibegegroup.com\/en\/wp-json\/wp\/v2\/posts\/7856\/revisions"}],"predecessor-version":[{"id":7858,"href":"https:\/\/ibegegroup.com\/en\/wp-json\/wp\/v2\/posts\/7856\/revisions\/7858"}],"wp:featuredmedia":[{"embeddable":true,"href":"https:\/\/ibegegroup.com\/en\/wp-json\/wp\/v2\/media\/7857"}],"wp:attachment":[{"href":"https:\/\/ibegegroup.com\/en\/wp-json\/wp\/v2\/media?parent=7856"}],"wp:term":[{"taxonomy":"category","embeddable":true,"href":"https:\/\/ibegegroup.com\/en\/wp-json\/wp\/v2\/categories?post=7856"},{"taxonomy":"post_tag","embeddable":true,"href":"https:\/\/ibegegroup.com\/en\/wp-json\/wp\/v2\/tags?post=7856"}],"curies":[{"name":"wp","href":"https:\/\/api.w.org\/{rel}","templated":true}]}}