{"id":7859,"date":"2025-10-20T09:14:01","date_gmt":"2025-10-20T09:14:01","guid":{"rendered":"https:\/\/ibegegroup.com\/?p=7859"},"modified":"2025-10-20T09:21:56","modified_gmt":"2025-10-20T09:21:56","slug":"biz-sariyerin-neferiyiz","status":"publish","type":"post","link":"https:\/\/ibegegroup.com\/en\/biz-sariyerin-neferiyiz\/","title":{"rendered":"\u201cBiz Sar\u0131yer\u2019in Neferiyiz\u201d \u00a0"},"content":{"rendered":"<p><strong>2009-2010 sezonunda&nbsp;<\/strong><strong>Sar\u0131yer Spor Kul\u00fcb\u00fc<\/strong><strong>&nbsp;ba\u015fkanl\u0131\u011f\u0131 yapan \u0130brahim Bozan,&nbsp;<\/strong><strong>Gazeteci Levent Pehlivano\u011flu<\/strong>\u2019<strong>na &nbsp;g\u00fcndem yaratacak a\u00e7\u0131klamalarda bulundu. Ba\u015fkanl\u0131k i\u00e7in ye\u015fil \u0131\u015f\u0131k yakan Bozan, \u201cSar\u0131yer\u2019in neferiyim\u201d ifadelerini kulland\u0131.<\/strong><\/p>\n\n\n\n<p><strong><u>Haber: Levent Pehlivano\u011flu<\/u><\/strong><\/p>\n\n\n\n<p>May\u0131s ay\u0131nda yap\u0131lmas\u0131 planlanan Sar\u0131yer Spor Kul\u00fcb\u00fc kongresi, corona vir\u00fcs salg\u0131n\u0131 nedeniyle ertelenirken, yeni ba\u015fkan aday\u0131n\u0131n \u00e7\u0131k\u0131p \u00e7\u0131kmayaca\u011f\u0131 gizemini koruyor. Ge\u00e7ti\u011fimiz y\u0131llarda 1 d\u00f6nem ba\u015fkanl\u0131k yapan ve \u201cSar\u0131yer\u2019i \u015fampiyon yapamamak i\u00e7imde ukde olarak kald\u0131\u201d diyen \u0130brahim Bozan, Gazeteci Levent Pehlivano\u011flu\u2019na konu\u015ftu.<\/p>\n\n\n\n<p><strong><u>\u201c\u0130STANBUL\u2019DA \u0130LK GELD\u0130\u011e\u0130M YER SARIYER OLDU\u201d<\/u><\/strong><\/p>\n\n\n\n<p>Sar\u0131yer ile yollar\u0131n\u0131n nas\u0131l kesi\u015fti\u011fini anlatan Bozan, \u201cBen \u0130zmir\u2019de do\u011fdum, Ankara\u2019da okudum. 1991 y\u0131l\u0131nda tapu m\u00fcd\u00fcr\u00fc olarak \u0130stanbul\u2019da ilk geldi\u011fim yer Sar\u0131yer oldu. Sar\u0131yer deyince benim akl\u0131ma ilk gelenlerden biri Sar\u0131yer Spor Kul\u00fcb\u00fc\u2019d\u00fcr. G\u00f6nl\u00fcm kul\u00fcb\u00fcm\u00fcz\u00fcn ba\u015far\u0131l\u0131 olmas\u0131ndan yana. 2005 y\u0131l\u0131nda ilk kez Sar\u0131yer y\u00f6netiminde asba\u015fkan olarak g\u00f6rev ald\u0131m. O d\u00f6nemde playoff\u2019u ka\u00e7\u0131rd\u0131k. Ard\u0131ndan y\u00f6neticilik yapmaya devam ettim. 2009\u2019da da ba\u015fkanl\u0131k nasip oldu\u201d dedi.<\/p>\n\n\n\n<p><strong><u>\u201cEN \u0130Y\u0130 \u015eEK\u0130LDE KUL\u00dcB\u00dc Y\u00d6NETMEYE \u00c7ALI\u015eTIK\u201d<\/u><\/strong><\/p>\n\n\n\n<p>\u201cY\u00f6neticilik kolay ama ba\u015fkanl\u0131k zor bir g\u00f6rev\u201d diyen Bozan, \u201cBu y\u00fczden mevcut Ba\u015fkan Saffet Akkoyun\u2019a Allah kolayl\u0131k versin. O d\u00f6nem hem \u015fartlar hem de ekonomik durum bizi zorlad\u0131. \u00c7\u00fcnk\u00fc o s\u00fcre\u00e7te ekonomik olarak y\u00f6netici ve belediye dizayn ediyordu. \u015eimdi ise&nbsp;<strong>TFF<\/strong>&nbsp;ve bahis \u015firketlerinden gelirler var. Bunlar bizim zaman\u0131m\u0131zda yoktu. D\u00f6nemim \u015fartlar\u0131na g\u00f6re en iyi \u015fekilde kul\u00fcb\u00fc y\u00f6netmeye \u00e7al\u0131\u015ft\u0131k. En az\u0131ndan ald\u0131\u011f\u0131m\u0131z yerden daha k\u00f6t\u00fc bir yerde b\u0131rakmad\u0131k\u201d ifadelerini kulland\u0131.<\/p>\n\n\n\n<p><strong><u>\u201cB\u0130Z SARIYER\u2019\u0130N NEFER\u0130Y\u0130Z\u201d<\/u><\/strong><\/p>\n\n\n\n<p>Ba\u015fkanl\u0131\u011f\u0131 d\u00f6neminde ya\u015fad\u0131klar\u0131 zorluklar\u0131 anlatan Bozan, \u201cBiz Sar\u0131yer\u2019de ya\u015f\u0131yoruz ve bu kul\u00fcb\u00fcn bir neferiyiz. Benim \u015fuan ba\u015fkanl\u0131k gibi bir talebim yok. Fakat biri gelip \u2018Sana ihtiya\u00e7 var\u2019 der ve \u015fartlar olu\u015fursa g\u00f6revden ka\u00e7may\u0131z. Burada temel \u00e7izgileri do\u011fru \u00e7izmek laz\u0131m. Kul\u00fcb\u00fcme sportif anlamda ba\u015far\u0131l\u0131 bir d\u00f6nem ya\u015fatmak hep i\u00e7imde ukde olarak kald\u0131. Ba\u015fkan oldu\u011fu d\u00f6nemde benim iki tane b\u00fcy\u00fck handikab\u0131m vard\u0131. Bir tanesi y\u00f6netim olu\u015ftururken \u00e7al\u0131\u015fmak istemedi\u011fim baz\u0131 insanlarla \u00e7al\u0131\u015fmak durumunda kald\u0131m. Tabi ben bu durumu yap\u0131lan genel kurulda bir k\u0131sm\u0131n\u0131 d\u00fczelttim. Fakat sonu\u00e7ta bir yerlere ba\u011fl\u0131 sistem var. Di\u011feri ise Sar\u0131yer\u2019de \u00e7ok fazla eski futbolcu ve hoca var. O d\u00f6nemde bunlar\u0131n bir\u00e7o\u011funu tan\u0131m\u0131yordum. Tan\u0131yor zannetti\u011fimiz ki\u015filerin de sportif anlam\u0131nda yanl\u0131\u015f y\u00f6nlendirmeleri oldu. Bunlar\u0131n yan\u0131 s\u0131ra o hi\u00e7bir beklentim ve talebim olmadan bir ba\u015fkanl\u0131k g\u00f6revi geldi\u011fi i\u00e7in haz\u0131rl\u0131ks\u0131z yakaland\u0131m. Tabiri caizse bombay\u0131 kuca\u011f\u0131mda buldum. Di\u011fer yandan ba\u015fkanl\u0131\u011fa geldi\u011fimiz s\u00fcrede AK Parti yerel belediyeyi kaybetmi\u015fti. Tabi benim de ba\u015fkanl\u0131k d\u0131\u015f\u0131nda o d\u00f6nemde bir siyasi kimli\u011fimin olmas\u0131 baz\u0131 taraftar gruplar\u0131n\u0131n hedefi yapt\u0131. Biz bununla da m\u00fccadele ettik. Biz negatif bir alg\u0131yla gelmi\u015ftik\u201d diye konu\u015ftu.<\/p>\n\n\n\n<p><strong><u>\u201cSARIYER \u00dcZER\u0130NDEK\u0130 \u00d6L\u00dc TOPRA\u011eI ATMI\u015eTI\u201d<\/u><\/strong><\/p>\n\n\n\n<p>G\u00f6rev s\u00fcresi boyunca yapt\u0131klar\u0131n\u0131 anlatan Bozan, \u201cGeldi\u011fimizde kul\u00fcb\u00fcn \u00fcst\u00fcnde bir \u00f6l\u00fc topra\u011f\u0131 vard\u0131. Bir tak\u0131m otob\u00fcs bile yoktu. G\u00f6reve gelir gelmez belediyeden bir otob\u00fcs ald\u0131k ve \u00fczerine kul\u00fcb\u00fcm\u00fcz\u00fcn simgesi olan mart\u0131y\u0131 giydirdik. Ayr\u0131ca gitti\u011fi deplasmanlarda en iyi otellerde kald\u0131 ve en iyi \u015fekilde a\u011f\u0131rland\u0131. O alt lig tak\u0131m\u0131 etiketini \u00fczerinden att\u0131. Zaten o s\u00fcre\u00e7ten sonra kul\u00fcb\u00fc y\u00f6netici olmak isteyenler artt\u0131. Bunlar\u0131n yan\u0131 s\u0131ra 24 sene kaptanl\u0131k yapan rahmetli Ey\u00fcp Odaba\u015f\u0131\u2019n\u0131n ad\u0131n\u0131 kul\u00fcp binas\u0131na verdim. Benden sonra ba\u015fka yerlere isimler verildi. Ayr\u0131ca bizim d\u00f6nemimizde kul\u00fcb\u00fcn yerel halka borcu kalmad\u0131. Ba\u015far\u0131l\u0131 olamad\u0131\u011f\u0131m k\u0131s\u0131mlar\u0131n fark\u0131nday\u0131m fakat baz\u0131 alanlarda da ba\u015far\u0131l\u0131 olduk\u201d diye konu\u015ftu.<\/p>\n\n\n\n<p><strong><u>\u201c3 SENE \u00d6NCEDEN \u00c7ALI\u015eMAYA BA\u015eLARIM\u201d<\/u><\/strong><\/p>\n\n\n\n<p>Ba\u015fkanl\u0131k i\u00e7in ye\u015fil \u0131\u015f\u0131k yakan Bozan, \u015funlar\u0131 s\u00f6yledi: \u201cSar\u0131yer\u2019i\u015fampiyon yapan ki\u015fi ne mutlu ba\u015fkan\u201d. \u00c7ok a\u00e7\u0131k ifade ediyorum ki ben o ba\u015fkan olmak isterim. Fakat bunu yapabilmek i\u00e7in daha \u00f6nceki gibi gelmem. E\u011fer bir g\u00fcn ba\u015fkanl\u0131k i\u00e7in talebim olursa 3 sene \u00f6nceden \u00e7al\u0131\u015fmaya ba\u015flar\u0131m. Hangi y\u00f6netici ile \u00e7al\u0131\u015faca\u011f\u0131mdan kimlerin transfer olaca\u011f\u0131na kadar\u2026 Onun d\u0131\u015f\u0131nda babam\u0131n o\u011flu olsa dinlemem.\u201d<\/p>\n\n\n\n<p><strong><u>\u201cSARIYER\u2019\u0130N OLMAZSA OLMAZI \u015e\u0130RKETLE\u015eMED\u0130R\u201d<\/u><\/strong><\/p>\n\n\n\n<p>Bozan s\u00f6zlerini \u015f\u00f6yle tamamlad\u0131: \u201cKul\u00fcpler devlet otoriteleriyle iyi ge\u00e7inmeli. \u00d6zellikle yerel kul\u00fcplerin belediyeler ile aras\u0131n\u0131 daha iyi tutmal\u0131. Fakat \u00f6zg\u00fcn kalabilmeleri ve ekonomilerini do\u011fru kurgulayabilmeleri i\u00e7in \u015firketle\u015fmeleri gerekiyor. Sar\u0131yer\u2019in de olmazsa olmaz\u0131 \u015firketle\u015fmedir. Bu saatten sonra bu i\u015fler dernek t\u00fcz\u00fc\u011f\u00fc ile y\u00fcr\u00fcmez. Gerekirse tak\u0131m ad\u0131n\u0131n ba\u015f\u0131na sponsor alacak. Bir\u00e7ok tak\u0131m bunu yap\u0131yor. Bu sene in\u015fallah \u015fampiyon olacak bir tak\u0131m yarat\u0131r\u0131z, Sar\u0131yer\u2019e ve Ba\u015fkan\u2019a ba\u015far\u0131lar diliyorum.\u201d<\/p>","protected":false},"excerpt":{"rendered":"<p>2009-2010 sezonunda&nbsp;Sar\u0131yer Spor Kul\u00fcb\u00fc&nbsp;ba\u015fkanl\u0131\u011f\u0131 yapan \u0130brahim Bozan,&nbsp;Gazeteci Levent Pehlivano\u011flu\u2019na &nbsp;g\u00fcndem yaratacak a\u00e7\u0131klamalarda bulundu. Ba\u015fkanl\u0131k i\u00e7in ye\u015fil \u0131\u015f\u0131k yakan Bozan, \u201cSar\u0131yer\u2019in neferiyim\u201d ifadelerini kulland\u0131. Haber: Levent Pehlivano\u011flu May\u0131s ay\u0131nda yap\u0131lmas\u0131 planlanan Sar\u0131yer Spor Kul\u00fcb\u00fc kongresi, corona vir\u00fcs salg\u0131n\u0131 nedeniyle ertelenirken, yeni ba\u015fkan aday\u0131n\u0131n \u00e7\u0131k\u0131p \u00e7\u0131kmayaca\u011f\u0131 gizemini koruyor. Ge\u00e7ti\u011fimiz y\u0131llarda 1 d\u00f6nem ba\u015fkanl\u0131k yapan ve \u201cSar\u0131yer\u2019i \u015fampiyon [&hellip;]<\/p>","protected":false},"author":1,"featured_media":7860,"comment_status":"closed","ping_status":"open","sticky":false,"template":"","format":"standard","meta":{"footnotes":""},"categories":[1],"tags":[],"class_list":["post-7859","post","type-post","status-publish","format-standard","has-post-thumbnail","hentry","category-haberler"],"_links":{"self":[{"href":"https:\/\/ibegegroup.com\/en\/wp-json\/wp\/v2\/posts\/7859","targetHints":{"allow":["GET"]}}],"collection":[{"href":"https:\/\/ibegegroup.com\/en\/wp-json\/wp\/v2\/posts"}],"about":[{"href":"https:\/\/ibegegroup.com\/en\/wp-json\/wp\/v2\/types\/post"}],"author":[{"embeddable":true,"href":"https:\/\/ibegegroup.com\/en\/wp-json\/wp\/v2\/users\/1"}],"replies":[{"embeddable":true,"href":"https:\/\/ibegegroup.com\/en\/wp-json\/wp\/v2\/comments?post=7859"}],"version-history":[{"count":1,"href":"https:\/\/ibegegroup.com\/en\/wp-json\/wp\/v2\/posts\/7859\/revisions"}],"predecessor-version":[{"id":7861,"href":"https:\/\/ibegegroup.com\/en\/wp-json\/wp\/v2\/posts\/7859\/revisions\/7861"}],"wp:featuredmedia":[{"embeddable":true,"href":"https:\/\/ibegegroup.com\/en\/wp-json\/wp\/v2\/media\/7860"}],"wp:attachment":[{"href":"https:\/\/ibegegroup.com\/en\/wp-json\/wp\/v2\/media?parent=7859"}],"wp:term":[{"taxonomy":"category","embeddable":true,"href":"https:\/\/ibegegroup.com\/en\/wp-json\/wp\/v2\/categories?post=7859"},{"taxonomy":"post_tag","embeddable":true,"href":"https:\/\/ibegegroup.com\/en\/wp-json\/wp\/v2\/tags?post=7859"}],"curies":[{"name":"wp","href":"https:\/\/api.w.org\/{rel}","templated":true}]}}