{"id":7948,"date":"2026-04-29T09:29:37","date_gmt":"2026-04-29T09:29:37","guid":{"rendered":"https:\/\/ibegegroup.com\/?p=7948"},"modified":"2026-04-29T09:30:12","modified_gmt":"2026-04-29T09:30:12","slug":"ibege-group-kktcde-profesyonel-tesis-yonetimi-modelini-baslatti","status":"publish","type":"post","link":"https:\/\/ibegegroup.com\/en\/ibege-group-kktcde-profesyonel-tesis-yonetimi-modelini-baslatti\/","title":{"rendered":"IBEGE Group, KKTC\u2019de profesyonel tesis y\u00f6netimi modelini ba\u015flatt\u0131"},"content":{"rendered":"<h3 class=\"wp-block-heading\">T\u00fcrkiye merkezli IBEGE Group, gayrimenkul dan\u0131\u015fmanl\u0131\u011f\u0131 ve tesis y\u00f6netimi alan\u0131ndaki faaliyetlerini Kuzey K\u0131br\u0131s T\u00fcrk Cumhuriyeti\u2019ne ta\u015f\u0131d\u0131. \u015eirket, KKTC\u2019deki faaliyet ba\u015flang\u0131c\u0131n\u0131 Merit Lefko\u015fa Otel\u2019de d\u00fczenlenen lansmanla duyurdu.<\/h3>\n\n\n\n<p>\u201cB\u0130NALAR NASIL Y\u00d6NET\u0130LECEK SORUSU EN BA\u015eTAN SORULMALI\u201d<br>Tan\u0131t\u0131m konu\u015fmas\u0131n\u0131 ger\u00e7ekle\u015ftiren IBEGE Group Y\u00f6netim Kurulu Ba\u015fkan\u0131 \u0130brahim Bozan, 20 y\u0131ll\u0131k sekt\u00f6r tecr\u00fcbeleri bulundu\u011funa vurgu yapt\u0131.<\/p>\n\n\n\n<p>T\u00fcrkiye\u2019de gayrimenkul projelerinde yayg\u0131n bir eksikli\u011fe dikkat \u00e7ekerek, projelerin tasar\u0131m, in\u015faat ve sat\u0131\u015f s\u00fcre\u00e7lerinin planland\u0131\u011f\u0131n\u0131 ancak teslim sonras\u0131 y\u00f6netim s\u00fcre\u00e7lerinin \u00e7o\u011fu zaman g\u00f6z ard\u0131 edildi\u011fini ifade eden Bozan, \u201cBiri projeyi \u00e7iziyor, biri yap\u0131yor, biri sat\u0131yor. \u00dc\u00e7 y\u0131l sonra bu akt\u00f6rlerin hi\u00e7biri ortada kalm\u0131yor. Oysa o yap\u0131lar 50\u2013100 y\u0131l hatta daha uzun s\u00fcre kullan\u0131lacak. Biz, mimari projenin ba\u015f\u0131ndan itibaren \u2018bu bina nas\u0131l y\u00f6netilecek\u2019 sorusunu sorarak dan\u0131\u015fmanl\u0131k veriyoruz.\u201d dedi.<\/p>\n\n\n\n<p>IBEGE Group\u2019un T\u00fcrkiye ve yurt d\u0131\u015f\u0131nda \u00f6nemli projelerde g\u00f6rev ald\u0131\u011f\u0131n\u0131 belirten Bozan, 5 milyon metrekareyi a\u015fan tesis y\u00f6netim tecr\u00fcbesi ve 50 binin \u00fczerinde konut, ofis ve ticari alan y\u00f6netim kapasitesiyle KKTC\u2019de sekt\u00f6re bilgi ve deneyim sunmay\u0131 hedeflediklerini kaydetti.<\/p>\n\n\n\n<p>TATAR\u2019DAN \u201cG\u00dcVENL\u0130 L\u0130MAN\u201d VURGUSU<br>Lansmana onur konu\u011fu olarak kat\u0131lan 5\u2019inci Cumhurba\u015fkan\u0131 Ersin Tatar, konu\u015fmas\u0131nda KKTC\u2019ye yap\u0131lan yat\u0131r\u0131mlardan duydu\u011fu memnuniyeti dile getirerek, \u00fclkenin yat\u0131r\u0131mc\u0131lar i\u00e7in g\u00fcvenli ve istikrarl\u0131 bir ortam sundu\u011funu vurgulad\u0131. Tatar, \u00f6zellikle gayrimenkul ve turizm sekt\u00f6rlerindeki yat\u0131r\u0131mlar\u0131n ekonomik b\u00fcy\u00fcmeye do\u011frudan katk\u0131 sa\u011flad\u0131\u011f\u0131n\u0131 belirterek, \u201cKKTC yat\u0131r\u0131mc\u0131lar i\u00e7in g\u00fcvenli bir limand\u0131r\u201d ifadelerini kulland\u0131.<\/p>\n\n\n\n<p>FENERC\u0130O\u011eLU \u0130LE G\u00dc\u00c7 B\u0130RL\u0130\u011e\u0130<br>IBEGE Group, KKTC\u2019deki ilk i\u015f ortakl\u0131\u011f\u0131n\u0131 adada d\u00f6rt y\u0131ld\u0131r faaliyet g\u00f6steren Fenercio\u011flu \u015eirketler Grubu ile ger\u00e7ekle\u015ftirdi. \u0130\u015f birli\u011fi protokol\u00fc, IBEGE Group Y\u00f6netim Kurulu Ba\u015fkan\u0131 \u0130brahim Bozan ile Fenercio\u011flu \u015eirketler Grubu Y\u00f6netim Kurulu Ba\u015fkan\u0131 Aycan Fenercio\u011flu taraf\u0131ndan imzaland\u0131.<\/p>\n\n\n\n<p>FENERC\u0130O\u011eLU: TESL\u0130M SONRASI S\u00dcRE\u00c7LERDE PROFESYONEL Y\u00d6NET\u0130M<br>\u0130mza sonras\u0131 konu\u015fan Fenercio\u011flu \u015eirketler Grubu Y\u00f6netim Kurulu Ba\u015fkan\u0131 Aycan Fenercio\u011flu ise, KKTC\u2019deki yat\u0131r\u0131mlar\u0131nda d\u00f6rd\u00fcnc\u00fc y\u0131llar\u0131na girdiklerini belirterek, in\u015faat sekt\u00f6r\u00fcn\u00fcn geldi\u011fi noktada \u00f6zellikle teslim sonras\u0131 s\u00fcre\u00e7lerde ya\u015fanan y\u00f6netim sorunlar\u0131n\u0131 \u00f6ng\u00f6rd\u00fcklerini s\u00f6yledi.<\/p>\n\n\n\n<p>Fenercio\u011flu, \u201cBaz\u0131 projelerimiz art\u0131k teslim a\u015famas\u0131na geldi. Bu i\u015f birli\u011fi sayesinde m\u00fc\u015fterilerimize teslim sonras\u0131nda daha profesyonel ve s\u00fcrd\u00fcr\u00fclebilir bir y\u00f6netim imk\u00e2n\u0131 sunabilece\u011fiz\u201d ifadelerini kulland\u0131.<\/p>\n\n\n\n<p>IBEGE GROUP HAKKINDA<br>20 y\u0131l\u0131 a\u015fk\u0131n deneyime sahip olan IBEGE Group, gayrimenkul\u00fc yaln\u0131zca fiziksel bir yap\u0131 olarak de\u011fil; do\u011fru planlama ve profesyonel y\u00f6netim s\u00fcre\u00e7leriyle de\u011fer kazanan bir sistem olarak ele al\u0131yor. \u015eirket; dan\u0131\u015fmanl\u0131k, m\u00fclk ve tesis y\u00f6netimi, kiralama s\u00fcre\u00e7leri ve i\u00e7 mek\u00e2n tasar\u0131m\u0131 dahil olmak \u00fczere u\u00e7tan uca hizmet sunuyor.<\/p>\n\n\n\n<p>T\u00fcrkiye\u2019de prestijli projelerde edindi\u011fi deneyimi KKTC\u2019ye ta\u015f\u0131yan \u015firket, profesyonel y\u00f6netim anlay\u0131\u015f\u0131yla m\u00fclklerin de\u011ferini korumay\u0131 ve art\u0131rmay\u0131, sekt\u00f6rde yeni bir standart olu\u015fturmay\u0131 ama\u00e7l\u0131yor.<\/p>\n\n\n\n<ul class=\"wp-block-list\">\n<li><a href=\"https:\/\/bimanset.com\/2026\/04\/29\/ibege-group-kktcde-profesyonel-tesis-yonetimi-modelini-baslatti\/\" target=\"_blank\" rel=\"noopener\">https:\/\/bimanset.com\/2026\/04\/29\/ibege-group-kktcde-profesyonel-tesis-yonetimi-modelini-baslatti\/<\/a><\/li>\n\n\n\n<li><a href=\"https:\/\/www.bultenkibris.com\/ibege-group-kktcde-profesyonel-tesis-yonetimi-modelini-baslatti\/\" target=\"_blank\" rel=\"noopener\">https:\/\/www.bultenkibris.com\/ibege-group-kktcde-profesyonel-tesis-yonetimi-modelini-baslatti\/<\/a><\/li>\n\n\n\n<li><a href=\"https:\/\/guneskibris.com\/ibege-group-kktcde-profesyonel-tesis-yonetimi-modelini-baslatti\/\" target=\"_blank\" rel=\"noopener\">https:\/\/guneskibris.com\/ibege-group-kktcde-profesyonel-tesis-yonetimi-modelini-baslatti\/<\/a><\/li>\n<\/ul>","protected":false},"excerpt":{"rendered":"<p>T\u00fcrkiye merkezli IBEGE Group, gayrimenkul dan\u0131\u015fmanl\u0131\u011f\u0131 ve tesis y\u00f6netimi alan\u0131ndaki faaliyetlerini Kuzey K\u0131br\u0131s T\u00fcrk Cumhuriyeti\u2019ne ta\u015f\u0131d\u0131. \u015eirket, KKTC\u2019deki faaliyet ba\u015flang\u0131c\u0131n\u0131 Merit Lefko\u015fa Otel\u2019de d\u00fczenlenen lansmanla duyurdu. \u201cB\u0130NALAR NASIL Y\u00d6NET\u0130LECEK SORUSU EN BA\u015eTAN SORULMALI\u201dTan\u0131t\u0131m konu\u015fmas\u0131n\u0131 ger\u00e7ekle\u015ftiren IBEGE Group Y\u00f6netim Kurulu Ba\u015fkan\u0131 \u0130brahim Bozan, 20 y\u0131ll\u0131k sekt\u00f6r tecr\u00fcbeleri bulundu\u011funa vurgu yapt\u0131. T\u00fcrkiye\u2019de gayrimenkul projelerinde yayg\u0131n bir eksikli\u011fe [&hellip;]<\/p>","protected":false},"author":1,"featured_media":7949,"comment_status":"open","ping_status":"open","sticky":false,"template":"","format":"standard","meta":{"footnotes":""},"categories":[1],"tags":[],"class_list":["post-7948","post","type-post","status-publish","format-standard","has-post-thumbnail","hentry","category-haberler"],"_links":{"self":[{"href":"https:\/\/ibegegroup.com\/en\/wp-json\/wp\/v2\/posts\/7948","targetHints":{"allow":["GET"]}}],"collection":[{"href":"https:\/\/ibegegroup.com\/en\/wp-json\/wp\/v2\/posts"}],"about":[{"href":"https:\/\/ibegegroup.com\/en\/wp-json\/wp\/v2\/types\/post"}],"author":[{"embeddable":true,"href":"https:\/\/ibegegroup.com\/en\/wp-json\/wp\/v2\/users\/1"}],"replies":[{"embeddable":true,"href":"https:\/\/ibegegroup.com\/en\/wp-json\/wp\/v2\/comments?post=7948"}],"version-history":[{"count":2,"href":"https:\/\/ibegegroup.com\/en\/wp-json\/wp\/v2\/posts\/7948\/revisions"}],"predecessor-version":[{"id":7951,"href":"https:\/\/ibegegroup.com\/en\/wp-json\/wp\/v2\/posts\/7948\/revisions\/7951"}],"wp:featuredmedia":[{"embeddable":true,"href":"https:\/\/ibegegroup.com\/en\/wp-json\/wp\/v2\/media\/7949"}],"wp:attachment":[{"href":"https:\/\/ibegegroup.com\/en\/wp-json\/wp\/v2\/media?parent=7948"}],"wp:term":[{"taxonomy":"category","embeddable":true,"href":"https:\/\/ibegegroup.com\/en\/wp-json\/wp\/v2\/categories?post=7948"},{"taxonomy":"post_tag","embeddable":true,"href":"https:\/\/ibegegroup.com\/en\/wp-json\/wp\/v2\/tags?post=7948"}],"curies":[{"name":"wp","href":"https:\/\/api.w.org\/{rel}","templated":true}]}}